{"id":1174,"date":"2019-04-27T14:40:03","date_gmt":"2019-04-27T14:40:03","guid":{"rendered":"http:\/\/antoniamarques.pt\/blog\/?p=1174"},"modified":"2019-09-16T10:07:38","modified_gmt":"2019-09-16T10:07:38","slug":"a-porca-decadencia-das-miseraveis-elites-contemporaneas","status":"publish","type":"post","link":"https:\/\/antoniamarques.pt\/blog\/2019\/04\/27\/a-porca-decadencia-das-miseraveis-elites-contemporaneas\/","title":{"rendered":"A PORCA DECAD\u00caNCIA DAS MISER\u00c1VEIS ELITES CONTEMPOR\u00c2NEAS"},"content":{"rendered":"<p style=\"padding-left: 60px;\">[\u201cn\u00e3o sei\u201d, \u201cn\u00e3o me lembro\u201d ou \u201c n\u00e3o guardo mem\u00f3ria\u201d s\u00e3o os depoimentos que mais se ouviram nesses dias sujos]<\/p>\n<p style=\"padding-left: 60px;\">A coragem est\u00f3ica dos resistentes abnegados, que lutaram \u00e1rdua, penosa e longamente pela liberta\u00e7\u00e3o do ch\u00e3o lusitano da tirania, da opress\u00e3o e da bufaria-mesquinha a que estava sujeito, \u00e9 uma heran\u00e7a coletiva que muitos resolveram declinar. A revolu\u00e7\u00e3o operada por esses guerreiros exauridos, que pisavam a medo o ch\u00e3o de todos os dias, foi uma conquista honrada, que abriu as portas \u00e0 concretiza\u00e7\u00e3o de sonhos antigos. A voz, a visibilidade e a dignidade, estiveram efetivamente, durante um curto lapso de tempo, ao alcance de todos mas, infelizmente, o lapso ter\u00e1 sido demasiado curto, num \u00e1pice o solo luso viu-se de novo tomado pela gula porca e oportunista de indiv\u00edduos-camale\u00e3o, hiper-dotados em inovadoras t\u00e9cnicas de explorar e ludibriar os camaradas-cidad\u00e3os.<br \/>\nA dita gula, que por motivos diversos, ter\u00e1 adquirido propor\u00e7\u00f5es colossais, \u00e9 a Porca Decad\u00eancia das Miser\u00e1veis Elites Contempor\u00e2neas, descrita com austeridade (e ironia bastante) nas palavras aqui apresentadas.<\/p>\n<p>Num tempo recuado, pret\u00e9rito mais-que-imperfeito, a suave deposi\u00e7\u00e3o do regime autorit\u00e1rio, traduziu-se numa branda condena\u00e7\u00e3o dos crimes e atrocidades perpetrados pelos tiranos. A falta de uma veemente penaliza\u00e7\u00e3o ter\u00e1, certamente, contribu\u00eddo para a cria\u00e7\u00e3o de condi\u00e7\u00f5es favor\u00e1veis \u00e0 implanta\u00e7\u00e3o de um oportunismo progressista que, a longo prazo, viria a a ser respons\u00e1vel pelo enfraquecimento do potencial libertador da revolu\u00e7\u00e3o dos cravos, desenhada nas trincheiras da clandestinidade por resistentes abnegados.<\/p>\n<p style=\"text-align: left;\">R\u00e1pida e agilmente, um rol de gente astuta, proveniente de fileiras diversas, ter\u00e1 entendido o alcance desse potencial, pelo que, imbu\u00edda de uma ambi\u00e7\u00e3o individual desmedida, reformulou curr\u00edculos, reciclou princ\u00edpios, deixou para tr\u00e1s camaradas e amigos, renovou objetivos e adaptou a personalidade \u00e0s oportunidades criadas pelo esvaziamento revolucion\u00e1rio das institui\u00e7\u00f5es.Essa malta oportunista &#8211; auto-proclamados peritos da democracia &#8211; que tomou conta dos postos de controle e vigia, onde encaixou os seus gangs de confian\u00e7a, filhos pequenos e restantes fam\u00edlias, \u00e9 a g\u00e9nese das miser\u00e1veis elites da contemporaneidade.<\/p>\n<p style=\"text-align: left;\">Gente ardilosa, \u00e0 data considerada cred\u00edvel, vilipendiou em seu benef\u00edcio, a esperan\u00e7a e o sonho coletivo, declarou-se capaz de transformar a revolu\u00e7\u00e3o em democracia quando, na realidade, pretendia dedicar o \u00edmpeto transformador \u00e0 privatiza\u00e7\u00e3o da liberdade.<br \/>\nInfelizmente, a privatiza\u00e7\u00e3o desse essencial bem comum n\u00e3o ter\u00e1 sido ato isolado.Outros direitos c\u00edvicos fundamentais ter\u00e3o sido igualmente alienados, pelos rec\u00e9m-empossados peritos da ocasi\u00e3o, h\u00e1beis nas t\u00e9cnicas de ludibriar e explorar a ignor\u00e2ncia do camarada-cidad\u00e3o. Esses contratos de concess\u00e3o, redigidos com um palavreado insidioso, sobre papel manchado de s\u00f4frega ambi\u00e7\u00e3o individual, converteram-se, desgra\u00e7adamente, em letra fundadora de um Estado-Ap\u00e1tico despojado de direito e dotado de uma democracia eternamente embrion\u00e1ria, progenitor do atual Estado das Coisas da governa\u00e7\u00e3o e da administra\u00e7\u00e3o p\u00fablica em Portugal!<\/p>\n<p style=\"text-align: left;\">Para assegurar o sucesso dessa treta, que tomou conta do Estado, essa malta miser\u00e1vel apropriou-se de todos os buracos p\u00fablicos, fincou os p\u00e9s no ch\u00e3o bafiento, mandou erguer paredes e muros altos, transformou as cavidades esconsas em institui\u00e7\u00f5es e organismos p\u00fablicos, consagrados \u00e0 prote\u00e7\u00e3o dos seus del\u00edrios privados. A distribui\u00e7\u00e3o furtiva desses protectorados decorreu com ast\u00facia, certa malta em re-torno, foi acomodada em fun\u00e7\u00e3o das (in)compet\u00eancias que havia adquirido nas ultramarinas col\u00f3nias de f\u00e9rias e nos suaves ex\u00edlios compartilhados nas capitais europeias, onde aguardaram pela oportunidade mais conveniente para re-tornarem \u00e0 terra.<\/p>\n<p style=\"text-align: left;\">A reparti\u00e7\u00e3o dos lugares cimeiros foi celebrada, pelos premiados camaradas da treta, com m\u00fasica de interven\u00e7\u00e3o, discursos inflamados e cravos vermelhos, a malta rejubilou por ter encontrado o seu posto de comando no meio da revolu\u00e7\u00e3o. A generalidade da popula\u00e7\u00e3o, que desconhecia os reais motivos da celebra\u00e7\u00e3o, foi obrigada a participar nas festividades, viu-se for\u00e7ada a garantir os comes, os bebes, o entretenimento e a limpeza das instala\u00e7\u00f5es.<\/p>\n<p style=\"text-align: left;\">Os pretensiosos peritos da revolu\u00e7\u00e3o assumiram, no decurso das festividades, as suas c\u00e1tedras e, num \u00e1pice, constitu\u00edram as elites que tomariam, da\u00ed em diante, conta da ocasi\u00e3o. Esse sorteio milion\u00e1rio ficaria indelevelmente inscrito na agenda dos eventos que atormentam o cidad\u00e3o durante o ano inteiro.<\/p>\n<p style=\"text-align: left;\">Os postos de comando (ex-institui\u00e7\u00f5es do regime autorit\u00e1rio) ocupados furtivamente por essas elites da ocasi\u00e3o, converteram-se progressivamente em dom\u00ednios privados, dedicados \u00e0 prote\u00e7\u00e3o das linhagens emergentes e ao esbanjamento do dinheiro p\u00fablico. A sua gest\u00e3o foi conduzida de forma\u00a0extraordinariamente gravosa, os recursos pecuni\u00e1rios do povo foram enterrados, com pompa e circunst\u00e2ncia, nas funda\u00e7\u00f5es desses novos imp\u00e9rios privatizados.<\/p>\n<p style=\"text-align: left;\">Esses gestores agiotas &#8211; designa\u00e7\u00e3o atribu\u00edda aos camaradas do ramo da contabilidade familiar, que assumiram a lideran\u00e7a das elites da ocasi\u00e3o &#8211; e suas obesas linhagens, afei\u00e7oaram-se \u00e0s novas moradas, decoraram a gosto paredes e tectos, transformaram os gabinetes em decadentes quartos privados, em virtude do aumento dos agregados, contrataram reputados contrabandistas para adulterarem os t\u00edtulos, os bras\u00f5es e as ins\u00edgnias, que mandaram afixar nos frontisp\u00edcios dos protectorados. Tudo correu de fei\u00e7\u00e3o a essas elites oportunistas, nessa fase de re-decora\u00e7\u00e3o dos novos imp\u00e9rios, at\u00e9 os filhotes contribu\u00edram para o regozijo imperial, brincando afincadamente com os seus jogos de poder sob as mesas de reuni\u00e3o.<\/p>\n<p style=\"text-align: left;\">A assun\u00e7\u00e3o dos postos de comando n\u00e3o garantiu, no entanto, \u00e0 malta elitizada o estatuto social que tanto almejavam, tal objetivo s\u00f3 seria concretizado ap\u00f3s uma s\u00e9rie de modifica\u00e7\u00f5es geneal\u00f3gicas, durante as quais os cirurgi\u00f5es operaram verdadeiros milagres, conseguiram substituir as reminisc\u00eancias e as origens modestas por apelidos vintage contrafeitos, contribui\u00e7\u00e3o preciosa para que a malta pudesse alcan\u00e7ar a visibilidade social, apan\u00e1gio, at\u00e9 ent\u00e3o, exclusivo das cl\u00e1ssicas figuras da alta sociedade.<br \/>\nO processo de adultera\u00e7\u00e3o consolidou o estatuto social das linhagens emergentes que, por essa via, acederam ao restrito clube das celebridades p\u00fablicas. Esse privil\u00e9gio, estrategicamente fundamental, garantia total imunidade \u00e0s responsabilidades inerentes aos danos provocados pela usura das suas pr\u00e1ticas administrativas. Essa regalia especial incrementou o poder e os devaneios dos gestores agiotas, aumentando desmesuradamente o fosso que os separava do resto do povo, sobre o qual fizeram cair os seus mantos de invisibilidade.<\/p>\n<p style=\"text-align: left;\">As elites, convertidas em celebridades da ocasi\u00e3o, ampliaram progressivamente as suas \u00e1reas de influ\u00eancia, instalaram sucursais dos seus imp\u00e9rios em todos lugares sobranceiros, da arte \u00e0 pol\u00edtica, da magistratura aos neg\u00f3cios, nada ter\u00e1 escapado ao seu dom\u00ednio. Disseminaram vorazmente, pelo territ\u00f3rio habitado da na\u00e7\u00e3o uma luz incandescente, que transportava o desejo de aumentar o poder, a influ\u00eancia e o lucro. Reza a hist\u00f3ria que, a intensidade desregrada da luz, ter\u00e1 provocado graves problemas de vis\u00e3o \u00e0s popula\u00e7\u00f5es onde instalaram os obesos dom\u00ednios.<\/p>\n<p style=\"text-align: left;\">A amplia\u00e7\u00e3o desses dom\u00ednios, decorreu com serena tranquilidade, a distribui\u00e7\u00e3o das \u00e1reas de poder e influ\u00eancia saciou, numa fase embrion\u00e1ria, a gula das elites contempladas. Esse consenso inicial seria, no entanto, abalado por diverg\u00eancias insan\u00e1veis, motivadas por um extenso e complexo rol de conflitos imprevistos, onde se inscrevem a trapalhada provocada pelo s\u00fabito e acelerado aumento das proles elitizadas, e a desregula\u00e7\u00e3o social, felizmente desencadeada pela massifica\u00e7\u00e3o do ensino.<\/p>\n<p style=\"text-align: left;\">A crescente conflituosidade gerou uma corrida desenfreada \u00e0 gesta\u00e7\u00e3o de novos dom\u00ednios &#8211; organismos mutantes, consagrados em exclusividade \u00e0 cria\u00e7\u00e3o de riqueza capaz de proporcionar suntuosas regalias \u00e0s elitizadas gera\u00e7\u00f5es vindouras. Emergiram assim in\u00fameros recintos, nomeados pela malta da treta, a quem jamais ter\u00e1 escapado o dom da palavra adequada \u00e0 ocasi\u00e3o &#8211; institutos, funda\u00e7\u00f5es, casas tem\u00e1ticas, gr\u00e9mios,\u00a0confrarias, minist\u00e9rios, secretarias de estado, organiza\u00e7\u00f5es n\u00e3o governamentais, ambiciosos e abundantes letreiros, criados \u00e0 medida &#8211; a malta continuava capaz, embora elitizada, preservara intacto o jeito para a produ\u00e7\u00e3o l\u00edrica.<\/p>\n<p style=\"text-align: left;\">Apesar de terem sido gerados num contexto de pressupostos estrat\u00e9gicos id\u00eanticos, o crescimento desses organismos mutantes, ter-se-\u00e1 processado de forma divergente, tal disfun\u00e7\u00e3o org\u00e2nica traduziu-se na Grande Disputa, respons\u00e1vel pela abertura das contendas que iria desencadear a Porca Decad\u00eancia das Miser\u00e1veis Elites Contempor\u00e2neas (PDMEC).<\/p>\n<p style=\"text-align: left;\">Os termos da edifica\u00e7\u00e3o do Estado-Ap\u00e1tico, exarados em manhosos acordos, firmados entre os camaradas da treta, tornaram-se progressivamente desajustados \u00e0 insaci\u00e1vel ambi\u00e7\u00e3o das partes envolvidas, pelo que a quebra desses ardilosos pactos, fez eclodir um sem n\u00famero de porcarias, que em muito ter\u00e3o contribu\u00eddo para a ignom\u00ednia da Disputa.<\/p>\n<p style=\"text-align: left;\">Disse o povo, que assistiu \u00e0 PDMEC, sufocado pelo manto de invisibilidade, que a soberba se ter\u00e1 instalado nas funda\u00e7\u00f5es dos imp\u00e9rios, o que ter\u00e1 abalado os processos de crescimento, gerando graves anomalias, poss\u00edveis de observar a olho nu, uns organismos engordaram, outros ganharam altura desmesurada, certo \u00e9 que a demarca\u00e7\u00e3o dos dom\u00ednios privados foi barbaramente violentada. A cobi\u00e7a fez colapsar o Reino do Estado-Ap\u00e1tico!<\/p>\n<p style=\"text-align: left;\">A soberba e a cobi\u00e7a provocaram enormes danos, os miser\u00e1veis l\u00edderes desses imp\u00e9rios desavindos viram-se impelidos a pedir aux\u00edlio externo, pois internamente n\u00e3o tinham como resolver a Grande Disputa, em virtude de terem esbanjado todos os recursos do Povo. A interven\u00e7\u00e3o do estrangeiro n\u00e3o tardou, n\u00e3o consta que tenha resolvido o colapso do Reino, mas n\u00e3o h\u00e1 d\u00favida de que ter\u00e1 restaurado os imp\u00e9rios privados.<\/p>\n<p style=\"text-align: left;\">A PDMEC foi, entretanto, agravada pela participa\u00e7\u00e3o desregrada dos descendentes da malta elitizada, jovens imbecis experientes em t\u00e9cnicas de gest\u00e3o de mesadas colossais, dedicaram-se hostilmente \u00e0 Grande Disputa. N\u00e3o toleravam a possibilidade de verem reduzidos os suntuosos privil\u00e9gios e regalias a que haviam sido habituados. As brigas indecorosas entre esses mi\u00fados elitizados, treinados pela ambi\u00e7\u00e3o dos pais e pela treta das m\u00e3es, fizeram aumentar significativamente as contendas imperiais, consta que essa conflituosidade jamais ter\u00e1 sido sanada.<\/p>\n<p style=\"text-align: left;\">As consequ\u00eancias dessas infames desaven\u00e7as fazem-se sentir em todos os cantos do colapsado Reino, de forma mais ou menos s\u00f3rdida, a PDMEC instalou-se no quotidiano do Estado-Ap\u00e1tico, \u00e9 tema central de descaradas interven\u00e7\u00f5es em espa\u00e7o p\u00fablico. A brutal aus\u00eancia de qualidade e car\u00e1cter dos intervenientes nessas perip\u00e9cias, tem provocado a dissemina\u00e7\u00e3o de uma fatal decad\u00eancia estrutural, que tem feito minguar a relev\u00e2ncia social do intelecto.<\/p>\n<p style=\"text-align: left;\">A generalidade da popula\u00e7\u00e3o, habituada a viver em condi\u00e7\u00f5es prec\u00e1rias, assiste consternada a esse espet\u00e1culo medonho, foi domesticada para se sentir impotente e convencida de que n\u00e3o tem poder para\u00a0recuperar o Reino, pelo que continua a caminhar desorientada e a assistir calada \u00e0 \u00e9pica Degrada\u00e7\u00e3o das Elites em Rebeli\u00e3o.<\/p>\n<p style=\"text-align: left;\">O Reino do Estado-Ap\u00e1tico, sepulcro de uma revolu\u00e7\u00e3o sufocada por egos mesquinhos, foi miseravelmente convertido por decadentes elites, num territ\u00f3rio civicamente in\u00f3spito e conspurcado, onde o cidad\u00e3o se v\u00ea obrigado a viver apartado da cidadania. Apenas as almas venturosas, dotadas de uma extrema ironia, conseguem resistir \u00e0s fa\u00e7anhas dessa medonha tortura contempor\u00e2nea.<br \/>\nO indiv\u00edduo comum &#8211; ser n\u00e3o-elitizado, que aspira viver em liberdade a cidadania &#8211; que tem a m\u00e1 fortuna de nascer nesse miser\u00e1vel Reino, est\u00e1 condenando a conviver com a Porca Decad\u00eancia das Miser\u00e1veis Elites Contempor\u00e2neas toda a sua vida!<\/p>\n<p>a PDMEC<br \/>\npela camarada-cidad\u00e3<br \/>\nAnt\u00f3nia Marques<br \/>\nabril de 2019<\/p>\n","protected":false},"excerpt":{"rendered":"<p>[\u201cn\u00e3o sei\u201d, \u201cn\u00e3o me lembro\u201d ou \u201c n\u00e3o guardo mem\u00f3ria\u201d s\u00e3o os depoimentos que mais se ouviram nesses dias sujos] A coragem est\u00f3ica dos resistentes abnegados, que lutaram \u00e1rdua, penosa e longamente pela liberta\u00e7\u00e3o do ch\u00e3o lusitano da tirania, da opress\u00e3o e da bufaria-mesquinha a que estava sujeito, \u00e9 uma heran\u00e7a coletiva que muitos resolveram [&hellip;]<\/p>\n","protected":false},"author":2,"featured_media":1172,"comment_status":"open","ping_status":"open","sticky":false,"template":"","format":"standard","meta":{"footnotes":""},"categories":[18,56,17,55,14,54],"tags":[58,61,60,59,57],"class_list":["post-1174","post","type-post","status-publish","format-standard","has-post-thumbnail","hentry","category-25-abril","category-democracia","category-democraia","category-liberdade","category-liberdades","category-revolucao","tag-abril","tag-ditadura","tag-elites-decadentes","tag-liberdade","tag-revolucao"],"_links":{"self":[{"href":"https:\/\/antoniamarques.pt\/blog\/wp-json\/wp\/v2\/posts\/1174","targetHints":{"allow":["GET"]}}],"collection":[{"href":"https:\/\/antoniamarques.pt\/blog\/wp-json\/wp\/v2\/posts"}],"about":[{"href":"https:\/\/antoniamarques.pt\/blog\/wp-json\/wp\/v2\/types\/post"}],"author":[{"embeddable":true,"href":"https:\/\/antoniamarques.pt\/blog\/wp-json\/wp\/v2\/users\/2"}],"replies":[{"embeddable":true,"href":"https:\/\/antoniamarques.pt\/blog\/wp-json\/wp\/v2\/comments?post=1174"}],"version-history":[{"count":9,"href":"https:\/\/antoniamarques.pt\/blog\/wp-json\/wp\/v2\/posts\/1174\/revisions"}],"predecessor-version":[{"id":1504,"href":"https:\/\/antoniamarques.pt\/blog\/wp-json\/wp\/v2\/posts\/1174\/revisions\/1504"}],"wp:featuredmedia":[{"embeddable":true,"href":"https:\/\/antoniamarques.pt\/blog\/wp-json\/wp\/v2\/media\/1172"}],"wp:attachment":[{"href":"https:\/\/antoniamarques.pt\/blog\/wp-json\/wp\/v2\/media?parent=1174"}],"wp:term":[{"taxonomy":"category","embeddable":true,"href":"https:\/\/antoniamarques.pt\/blog\/wp-json\/wp\/v2\/categories?post=1174"},{"taxonomy":"post_tag","embeddable":true,"href":"https:\/\/antoniamarques.pt\/blog\/wp-json\/wp\/v2\/tags?post=1174"}],"curies":[{"name":"wp","href":"https:\/\/api.w.org\/{rel}","templated":true}]}}