{"id":1193,"date":"2019-06-18T14:34:21","date_gmt":"2019-06-18T14:34:21","guid":{"rendered":"http:\/\/antoniamarques.pt\/blog\/?p=1193"},"modified":"2019-06-18T14:34:21","modified_gmt":"2019-06-18T14:34:21","slug":"europa-aposentada","status":"publish","type":"post","link":"https:\/\/antoniamarques.pt\/blog\/2019\/06\/18\/europa-aposentada\/","title":{"rendered":"EUROPA APOSENTADA"},"content":{"rendered":"<p>Nesta Europa destro\u00e7ada, n\u00e3o se conjugam verbos no futuro!<br \/>\nO envelhecimento da popula\u00e7\u00e3o europeia deixou h\u00e1 muito de ser uma profecia, \u00e9 hoje uma desgra\u00e7ada e sombria realidade!<br \/>\nAs consequ\u00eancias deste vertiginoso processo s\u00e3o desastrosas, amea\u00e7am de morte o presente e inibem os mais pueris desenhos de futuro.<br \/>\nA paisagem humana, destas terras aposentadas, veste-se de rigor, adoptou o grisalho, tornou-se intolerante \u00e0s cores!<br \/>\nA idade da popula\u00e7\u00e3o avan\u00e7ou, a fertilidade estagnou, cumpriu-se, nesse long\u00ednquo passado, parte da cartilha decretada pelas sociedades desenvolvidas.<br \/>\nEst\u00e1 carente esta Europa envelhecida, sonha ver-se enleada nos bra\u00e7os de uma juventude alegre, irreverente, forte, robusta, com for\u00e7a capaz de a arrancar desse lugar manchado de cinza escuro, onde se v\u00ea mergulhada em pret\u00e9ritos e mem\u00f3rias dilapidadas!<br \/>\nTal sonho jamais se concretizar\u00e1, pois assim que desperta desses breves sonos emotivos, a Velha e Autorit\u00e1ria Europa, recupera a pose, pat\u00e9tica fachada, e d\u00e1 continuidade ao projeto Capital!<br \/>\n\u00c9 insuport\u00e1vel habitar um lugar assim, onde o futuro dos verbos foi cremado e as cinzas espalhadas em lugar desconhecido!<br \/>\nEsta Europa esclerosada perdeu o jeito, j\u00e1 n\u00e3o sabe como se fazem meninos!<br \/>\nResta a quem ainda preserva com estima a caixa das cores, continuar a pintar de forma ousada a palavra FUTURO!<\/p>\n<p>O bem-estar europeu \u00e9 um conceito complexo, sabemos bem a hipocrisia, o cinismo e a assimetria que encerra, quer dentro, quer fora de portas. N\u00e3o me parece que as fr\u00e1geis e cansadas lideran\u00e7as &#8220;eurocentradas&#8221;, estejam capazes de tomar decis\u00f5es que resolvam o mau-estar que disseminaram, nem t\u00e3o pouco deter as consequ\u00eancias dos conflitos que ajudaram a erguer! Tudo o resto seria mat\u00e9ria para uma juventude irreverente resolver, mas essa possibilidade, em solo europeu, est\u00e1 seriamente amea\u00e7ada!<\/p>\n<p>9 janeiro, 2018<\/p>\n","protected":false},"excerpt":{"rendered":"<p>Nesta Europa destro\u00e7ada, n\u00e3o se conjugam verbos no futuro! O envelhecimento da popula\u00e7\u00e3o europeia deixou h\u00e1 muito de ser uma profecia, \u00e9 hoje uma desgra\u00e7ada e sombria realidade! As consequ\u00eancias deste vertiginoso processo s\u00e3o desastrosas, amea\u00e7am de morte o presente e inibem os mais pueris desenhos de futuro. A paisagem humana, destas terras aposentadas, veste-se [&hellip;]<\/p>\n","protected":false},"author":2,"featured_media":1194,"comment_status":"open","ping_status":"open","sticky":false,"template":"","format":"standard","meta":{"footnotes":""},"categories":[1],"tags":[],"class_list":["post-1193","post","type-post","status-publish","format-standard","has-post-thumbnail","hentry","category-uncategorized"],"_links":{"self":[{"href":"https:\/\/antoniamarques.pt\/blog\/wp-json\/wp\/v2\/posts\/1193","targetHints":{"allow":["GET"]}}],"collection":[{"href":"https:\/\/antoniamarques.pt\/blog\/wp-json\/wp\/v2\/posts"}],"about":[{"href":"https:\/\/antoniamarques.pt\/blog\/wp-json\/wp\/v2\/types\/post"}],"author":[{"embeddable":true,"href":"https:\/\/antoniamarques.pt\/blog\/wp-json\/wp\/v2\/users\/2"}],"replies":[{"embeddable":true,"href":"https:\/\/antoniamarques.pt\/blog\/wp-json\/wp\/v2\/comments?post=1193"}],"version-history":[{"count":1,"href":"https:\/\/antoniamarques.pt\/blog\/wp-json\/wp\/v2\/posts\/1193\/revisions"}],"predecessor-version":[{"id":1195,"href":"https:\/\/antoniamarques.pt\/blog\/wp-json\/wp\/v2\/posts\/1193\/revisions\/1195"}],"wp:featuredmedia":[{"embeddable":true,"href":"https:\/\/antoniamarques.pt\/blog\/wp-json\/wp\/v2\/media\/1194"}],"wp:attachment":[{"href":"https:\/\/antoniamarques.pt\/blog\/wp-json\/wp\/v2\/media?parent=1193"}],"wp:term":[{"taxonomy":"category","embeddable":true,"href":"https:\/\/antoniamarques.pt\/blog\/wp-json\/wp\/v2\/categories?post=1193"},{"taxonomy":"post_tag","embeddable":true,"href":"https:\/\/antoniamarques.pt\/blog\/wp-json\/wp\/v2\/tags?post=1193"}],"curies":[{"name":"wp","href":"https:\/\/api.w.org\/{rel}","templated":true}]}}