{"id":1308,"date":"2019-06-25T18:48:43","date_gmt":"2019-06-25T18:48:43","guid":{"rendered":"http:\/\/antoniamarques.pt\/blog\/?p=1308"},"modified":"2019-06-25T23:36:02","modified_gmt":"2019-06-25T23:36:02","slug":"praca-estrela-chao-de-sal-carvao-sokols-e-deposicao","status":"publish","type":"post","link":"https:\/\/antoniamarques.pt\/blog\/2019\/06\/25\/praca-estrela-chao-de-sal-carvao-sokols-e-deposicao\/","title":{"rendered":"PRA\u00c7A ESTRELA, CH\u00c3O DE SAL E CARV\u00c3O, TERREIRO DE SOKOLS E DEPOSI\u00c7\u00c3O"},"content":{"rendered":"<p style=\"text-align: center;\"><img loading=\"lazy\" decoding=\"async\" class=\"alignnone size-full wp-image-1302\" src=\"https:\/\/antoniamarques.pt\/blog\/wp-content\/uploads\/2019\/06\/DIOGO-AFONSO-c\u00f3pia-2.jpg\" alt=\"\" width=\"2645\" height=\"1909\" srcset=\"https:\/\/antoniamarques.pt\/blog\/wp-content\/uploads\/2019\/06\/DIOGO-AFONSO-c\u00f3pia-2.jpg 2645w, https:\/\/antoniamarques.pt\/blog\/wp-content\/uploads\/2019\/06\/DIOGO-AFONSO-c\u00f3pia-2-300x217.jpg 300w, https:\/\/antoniamarques.pt\/blog\/wp-content\/uploads\/2019\/06\/DIOGO-AFONSO-c\u00f3pia-2-768x554.jpg 768w, https:\/\/antoniamarques.pt\/blog\/wp-content\/uploads\/2019\/06\/DIOGO-AFONSO-c\u00f3pia-2-1024x739.jpg 1024w\" sizes=\"auto, (max-width: 2645px) 100vw, 2645px\" \/><\/p>\n<p style=\"text-align: center;\">PRA\u00c7A ESTRELA<br \/>\nCH\u00c3O DE SAL, CARV\u00c3O, SOLKOLS E DEPOSI\u00c7\u00c3O<br \/>\ndiverg\u00eancias gr\u00e1ficas,<br \/>\ndo amplo livro das silenciosas mem\u00f3rias coletivas<\/p>\n<p style=\"text-align: center;\">edi\u00e7\u00e3o digital, sobre ch\u00e3o cristalizado<br \/>\nMindelo, Ilha de S\u00e3o Vicente, Cabo Verde 2019<\/p>\n<p>&nbsp;<\/p>\n<p><img loading=\"lazy\" decoding=\"async\" class=\"alignnone size-full wp-image-1299\" src=\"https:\/\/antoniamarques.pt\/blog\/wp-content\/uploads\/2019\/06\/praca_estrela.png\" alt=\"\" width=\"1522\" height=\"517\" srcset=\"https:\/\/antoniamarques.pt\/blog\/wp-content\/uploads\/2019\/06\/praca_estrela.png 1522w, https:\/\/antoniamarques.pt\/blog\/wp-content\/uploads\/2019\/06\/praca_estrela-300x102.png 300w, https:\/\/antoniamarques.pt\/blog\/wp-content\/uploads\/2019\/06\/praca_estrela-768x261.png 768w, https:\/\/antoniamarques.pt\/blog\/wp-content\/uploads\/2019\/06\/praca_estrela-1024x348.png 1024w\" sizes=\"auto, (max-width: 1522px) 100vw, 1522px\" \/><\/p>\n<p style=\"text-align: center;\">PRA\u00c7A ESTRELA<br \/>\nPALCO ELEVADO, RODEADO DE MEM\u00d3RIAS ESTAGNADAS POR TODO O LADO<\/p>\n<p style=\"text-align: center;\">edi\u00e7\u00e3o digital, sobre ch\u00e3o desbotado<br \/>\nMindelo, Ilha de S\u00e3o Vicente, Cabo Verde 2019<\/p>\n<p>&nbsp;<\/p>\n<p><img loading=\"lazy\" decoding=\"async\" class=\"alignnone size-full wp-image-1316\" src=\"https:\/\/antoniamarques.pt\/blog\/wp-content\/uploads\/2019\/06\/ersr-c\u00f3pia.jpg\" alt=\"\" width=\"2923\" height=\"2100\" srcset=\"https:\/\/antoniamarques.pt\/blog\/wp-content\/uploads\/2019\/06\/ersr-c\u00f3pia.jpg 2923w, https:\/\/antoniamarques.pt\/blog\/wp-content\/uploads\/2019\/06\/ersr-c\u00f3pia-300x216.jpg 300w, https:\/\/antoniamarques.pt\/blog\/wp-content\/uploads\/2019\/06\/ersr-c\u00f3pia-768x552.jpg 768w, https:\/\/antoniamarques.pt\/blog\/wp-content\/uploads\/2019\/06\/ersr-c\u00f3pia-1024x736.jpg 1024w\" sizes=\"auto, (max-width: 2923px) 100vw, 2923px\" \/><\/p>\n<p>&nbsp;<\/p>\n<p style=\"text-align: center;\">PRA\u00c7A ESTRELA<br \/>\nLUGAR DIVERGENTE<\/p>\n<p style=\"text-align: center;\">[&#8220;fica fora de Morada, o centro comercial e residencial onde vive boa<br \/>\nparte da classe m\u00e9dia mais abastada, a chamada<br \/>\ngente de branco ou gente de morada&#8221;]<\/p>\n<p style=\"text-align: center;\">adro dos verbos conjugados no passado<br \/>\nconcilia\u00e7\u00f5es gr\u00e1ficas sobre tempo e espa\u00e7o<\/p>\n<p style=\"text-align: center;\">Mindelo, Ilha de S\u00e3o Vicente, Cabo Verde 2019<\/p>\n<p>&nbsp;<\/p>\n<p><img loading=\"lazy\" decoding=\"async\" class=\"alignnone size-full wp-image-1307\" src=\"https:\/\/antoniamarques.pt\/blog\/wp-content\/uploads\/2019\/06\/Captura-de-ecr\u00e3-2019-06-23-\u00e0s-15.25.11-c\u00f3pia.jpg\" alt=\"\" width=\"1195\" height=\"411\" srcset=\"https:\/\/antoniamarques.pt\/blog\/wp-content\/uploads\/2019\/06\/Captura-de-ecr\u00e3-2019-06-23-\u00e0s-15.25.11-c\u00f3pia.jpg 1195w, https:\/\/antoniamarques.pt\/blog\/wp-content\/uploads\/2019\/06\/Captura-de-ecr\u00e3-2019-06-23-\u00e0s-15.25.11-c\u00f3pia-300x103.jpg 300w, https:\/\/antoniamarques.pt\/blog\/wp-content\/uploads\/2019\/06\/Captura-de-ecr\u00e3-2019-06-23-\u00e0s-15.25.11-c\u00f3pia-768x264.jpg 768w, https:\/\/antoniamarques.pt\/blog\/wp-content\/uploads\/2019\/06\/Captura-de-ecr\u00e3-2019-06-23-\u00e0s-15.25.11-c\u00f3pia-1024x352.jpg 1024w\" sizes=\"auto, (max-width: 1195px) 100vw, 1195px\" \/><\/p>\n<p style=\"text-align: center;\">PRA\u00c7A ESTRELA<br \/>\nSOMBRAS, NUM MERCADO (POUCO) AFRICANO<\/p>\n<p style=\"text-align: center;\">madeira de embarca\u00e7\u00e3o estrangeira, sobre fundo azul ultramarino<br \/>\nregistos de luz e sombra, no ch\u00e3o do mercado<\/p>\n<p style=\"text-align: center;\">Mindelo, Ilha de S\u00e3o Vicente, Cabo Verde 2019<\/p>\n<p>&nbsp;<\/p>\n<p><img loading=\"lazy\" decoding=\"async\" class=\"alignnone size-full wp-image-1304\" src=\"https:\/\/antoniamarques.pt\/blog\/wp-content\/uploads\/2019\/06\/Captura-de-ecr\u00e3-2019-06-21-\u00e0s-00.42.05-c\u00f3pia.jpg\" alt=\"\" width=\"1524\" height=\"1076\" srcset=\"https:\/\/antoniamarques.pt\/blog\/wp-content\/uploads\/2019\/06\/Captura-de-ecr\u00e3-2019-06-21-\u00e0s-00.42.05-c\u00f3pia.jpg 1524w, https:\/\/antoniamarques.pt\/blog\/wp-content\/uploads\/2019\/06\/Captura-de-ecr\u00e3-2019-06-21-\u00e0s-00.42.05-c\u00f3pia-300x212.jpg 300w, https:\/\/antoniamarques.pt\/blog\/wp-content\/uploads\/2019\/06\/Captura-de-ecr\u00e3-2019-06-21-\u00e0s-00.42.05-c\u00f3pia-768x542.jpg 768w, https:\/\/antoniamarques.pt\/blog\/wp-content\/uploads\/2019\/06\/Captura-de-ecr\u00e3-2019-06-21-\u00e0s-00.42.05-c\u00f3pia-1024x723.jpg 1024w\" sizes=\"auto, (max-width: 1524px) 100vw, 1524px\" \/><\/p>\n<p style=\"text-align: center;\">PRA\u00c7A ESTRELA<br \/>\nSOMBRAS, NUM MERCADO (POUCO) AFRICANO<\/p>\n<p style=\"text-align: center;\">registos de luz e sombra, derramados sobre ch\u00e3o do mercado<\/p>\n<p style=\"text-align: center;\">Mindelo, Ilha de S\u00e3o Vicente, Cabo Verde 2019<\/p>\n<p>&nbsp;<\/p>\n<p>Ant\u00f3nia Marques<br \/>\njunho, 2019<\/p>\n","protected":false},"excerpt":{"rendered":"<p>PRA\u00c7A ESTRELA CH\u00c3O DE SAL, CARV\u00c3O, SOLKOLS E DEPOSI\u00c7\u00c3O diverg\u00eancias gr\u00e1ficas, do amplo livro das silenciosas mem\u00f3rias coletivas edi\u00e7\u00e3o digital, sobre ch\u00e3o cristalizado Mindelo, Ilha de S\u00e3o Vicente, Cabo Verde 2019 &nbsp; PRA\u00c7A ESTRELA PALCO ELEVADO, RODEADO DE MEM\u00d3RIAS ESTAGNADAS POR TODO O LADO edi\u00e7\u00e3o digital, sobre ch\u00e3o desbotado Mindelo, Ilha de S\u00e3o Vicente, Cabo [&hellip;]<\/p>\n","protected":false},"author":2,"featured_media":1309,"comment_status":"open","ping_status":"open","sticky":false,"template":"","format":"standard","meta":{"footnotes":""},"categories":[1],"tags":[65,66,62,63,64],"class_list":["post-1308","post","type-post","status-publish","format-standard","has-post-thumbnail","hentry","category-uncategorized","tag-cabo-verde","tag-memorias-graficas","tag-mindelo","tag-praca-estrela","tag-praca-salina"],"_links":{"self":[{"href":"https:\/\/antoniamarques.pt\/blog\/wp-json\/wp\/v2\/posts\/1308","targetHints":{"allow":["GET"]}}],"collection":[{"href":"https:\/\/antoniamarques.pt\/blog\/wp-json\/wp\/v2\/posts"}],"about":[{"href":"https:\/\/antoniamarques.pt\/blog\/wp-json\/wp\/v2\/types\/post"}],"author":[{"embeddable":true,"href":"https:\/\/antoniamarques.pt\/blog\/wp-json\/wp\/v2\/users\/2"}],"replies":[{"embeddable":true,"href":"https:\/\/antoniamarques.pt\/blog\/wp-json\/wp\/v2\/comments?post=1308"}],"version-history":[{"count":8,"href":"https:\/\/antoniamarques.pt\/blog\/wp-json\/wp\/v2\/posts\/1308\/revisions"}],"predecessor-version":[{"id":1319,"href":"https:\/\/antoniamarques.pt\/blog\/wp-json\/wp\/v2\/posts\/1308\/revisions\/1319"}],"wp:featuredmedia":[{"embeddable":true,"href":"https:\/\/antoniamarques.pt\/blog\/wp-json\/wp\/v2\/media\/1309"}],"wp:attachment":[{"href":"https:\/\/antoniamarques.pt\/blog\/wp-json\/wp\/v2\/media?parent=1308"}],"wp:term":[{"taxonomy":"category","embeddable":true,"href":"https:\/\/antoniamarques.pt\/blog\/wp-json\/wp\/v2\/categories?post=1308"},{"taxonomy":"post_tag","embeddable":true,"href":"https:\/\/antoniamarques.pt\/blog\/wp-json\/wp\/v2\/tags?post=1308"}],"curies":[{"name":"wp","href":"https:\/\/api.w.org\/{rel}","templated":true}]}}