{"id":2488,"date":"2021-07-01T06:00:07","date_gmt":"2021-07-01T06:00:07","guid":{"rendered":"http:\/\/antoniamarques.pt\/blog\/?p=2488"},"modified":"2021-07-01T22:49:03","modified_gmt":"2021-07-01T22:49:03","slug":"rotcha-scribida","status":"publish","type":"post","link":"https:\/\/antoniamarques.pt\/blog\/2021\/07\/01\/rotcha-scribida\/","title":{"rendered":"do mist\u00e9rio da rotcha scribida ao mister da cria\u00e7\u00e3o iconogr\u00e1fica"},"content":{"rendered":"\n<figure class=\"wp-block-image\"><img loading=\"lazy\" decoding=\"async\" width=\"1024\" height=\"302\" src=\"https:\/\/antoniamarques.pt\/blog\/wp-content\/uploads\/2021\/05\/rocha_02-c\u00f3pia-1024x302.jpg\" alt=\"\" class=\"wp-image-2492\" srcset=\"https:\/\/antoniamarques.pt\/blog\/wp-content\/uploads\/2021\/05\/rocha_02-c\u00f3pia-1024x302.jpg 1024w, https:\/\/antoniamarques.pt\/blog\/wp-content\/uploads\/2021\/05\/rocha_02-c\u00f3pia-300x88.jpg 300w, https:\/\/antoniamarques.pt\/blog\/wp-content\/uploads\/2021\/05\/rocha_02-c\u00f3pia-768x226.jpg 768w\" sizes=\"auto, (max-width: 1024px) 100vw, 1024px\" \/><figcaption>\u00f3 universo de mil tons, inaud\u00edvel<br><\/figcaption><\/figure>\n\n\n\n<p class=\"has-background has-very-light-gray-background-color\">Reza a lenda que a <em>rotcha<\/em> ter\u00e1 sido <em>scribida<\/em> no passado, primordial tempo das ilhas, anterior ao mito da descoberta. <br>Ampliam-se, desde ent\u00e3o, os mist\u00e9rios &#8211; provas refut\u00e1veis de outras vidas, sobre a terra Verde. <br><br>jalofos \u00e0 deriva? <br>piratas sem p\u00e1tria?<br>palavras outrora soltas? <br>idioma de vulc\u00e3o? <br>escrita rec\u00f4ndita de povo \u00e1grafo?  <br><br>A d\u00favida, sobre a autoria da escrita, re.existe e fecunda a subjetividade coletiva da gente das ilhas.<br>Reza a <a href=\"https:\/\/youtu.be\/okS4tPmnEEI\">morna<\/a> melodia que o <a href=\"https:\/\/www.lopesfilho.com\/?ID=4&amp;cod=51B482150D337B5F07B\">veredicto geol\u00f3gico<\/a> (1) n\u00e3o ter\u00e1 sido capaz de extinguir o simbolismo das improbabilidades, pelo que, prossegue existindo, <em>scribida<\/em> na <em>rotcha,<\/em> a utopia &#8211; valente como\u00e7\u00e3o.<br><br>Entre fonemas divergentes, oscila\u00e7\u00f5es magm\u00e1ticas e evoca\u00e7\u00f5es solares  prospera, flutuando em \u00e1gua de prata, um genu\u00edno desprezo pela escritaria submissa (2) que afasta da Terra a humanidade e arranca da Vida a brava sensibilidade.<br><\/p>\n\n\n\n<figure class=\"wp-block-image\"><img loading=\"lazy\" decoding=\"async\" width=\"1024\" height=\"508\" src=\"https:\/\/antoniamarques.pt\/blog\/wp-content\/uploads\/2021\/05\/02-1024x508.jpg\" alt=\"\" class=\"wp-image-2545\" srcset=\"https:\/\/antoniamarques.pt\/blog\/wp-content\/uploads\/2021\/05\/02-1024x508.jpg 1024w, https:\/\/antoniamarques.pt\/blog\/wp-content\/uploads\/2021\/05\/02-300x149.jpg 300w, https:\/\/antoniamarques.pt\/blog\/wp-content\/uploads\/2021\/05\/02-768x381.jpg 768w, https:\/\/antoniamarques.pt\/blog\/wp-content\/uploads\/2021\/05\/02.jpg 1997w\" sizes=\"auto, (max-width: 1024px) 100vw, 1024px\" \/><figcaption>\u00f3 catedral de mil rostos, invertida<\/figcaption><\/figure>\n\n\n\n<figure class=\"wp-block-image\"><img loading=\"lazy\" decoding=\"async\" width=\"1024\" height=\"508\" src=\"https:\/\/antoniamarques.pt\/blog\/wp-content\/uploads\/2021\/05\/01-1024x508.jpg\" alt=\"\" class=\"wp-image-2546\" srcset=\"https:\/\/antoniamarques.pt\/blog\/wp-content\/uploads\/2021\/05\/01-1024x508.jpg 1024w, https:\/\/antoniamarques.pt\/blog\/wp-content\/uploads\/2021\/05\/01-300x149.jpg 300w, https:\/\/antoniamarques.pt\/blog\/wp-content\/uploads\/2021\/05\/01-768x381.jpg 768w\" sizes=\"auto, (max-width: 1024px) 100vw, 1024px\" \/><figcaption>\u00f3 pir\u00e2mide de v\u00edgilia, rec\u00e9m-vertida <br><\/figcaption><\/figure>\n\n\n\n<p class=\"has-background has-very-light-gray-background-color\">\u00c9 de lava quebrada a utopia, inamov\u00edvel, que permanece viva nas fendas da raz\u00e3o.<br>\u00c9 como\u00e7\u00e3o deliberada celebrar, camada por camada, o mist\u00e9rio da sua preserva\u00e7\u00e3o.<br>\u00c9 valorosa a linguagem sensorial, gerada pela<em> tua chama, <\/em>pela<em> tua lava. <\/em><br>\u00c9 perp\u00e9tuo o movimento da paisagem incandescente,  sobre a rotcha rec\u00e9m-vertida. <br>\u00c9 privil\u00e9gio <em>De sal! sangue &amp; paradoxo<\/em> dialogar com o universo das inscri\u00e7\u00f5es esquecidas.<br><br>Na tua <em>letra &amp; s\u00edlaba <\/em>a escrita indiz\u00edvel &#8211; fonte inesgot\u00e1vel de inspira\u00e7\u00e3o.<br><br>O mist\u00e9rio da escrita incrustada na rocha, segue existindo, em permanente muta\u00e7\u00e3o, reza a lenda que ter\u00e1 dado origem ao mister de cria\u00e7\u00e3o iconogr\u00e1fica!  <\/p>\n\n\n\n<figure class=\"wp-block-image\"><img loading=\"lazy\" decoding=\"async\" width=\"1024\" height=\"309\" src=\"https:\/\/antoniamarques.pt\/blog\/wp-content\/uploads\/2021\/05\/rocha_01-c\u00f3pia-1024x309.jpg\" alt=\"\" class=\"wp-image-2491\" srcset=\"https:\/\/antoniamarques.pt\/blog\/wp-content\/uploads\/2021\/05\/rocha_01-c\u00f3pia-1024x309.jpg 1024w, https:\/\/antoniamarques.pt\/blog\/wp-content\/uploads\/2021\/05\/rocha_01-c\u00f3pia-300x90.jpg 300w, https:\/\/antoniamarques.pt\/blog\/wp-content\/uploads\/2021\/05\/rocha_01-c\u00f3pia-768x232.jpg 768w\" sizes=\"auto, (max-width: 1024px) 100vw, 1024px\" \/><figcaption>na tua sem\u00e2ntica<br><\/figcaption><\/figure>\n\n\n\n<p style=\"text-align:left\" class=\"has-text-color has-background has-small-font-size has-very-dark-gray-color has-very-light-gray-background-color\">\u00d3 pir\u00e2mide de vig\u00edlia <br>      Filha! m\u00e3e! irm\u00e3 g\u00e9mea da ilha?<br>\u00d3 catedral de mil rostos<br>\u00d3 rosto de mil l\u00e1bios<br>      na tua cr\u00f3nica<br>      na tua letra &amp; s\u00edlaba <br>      da palavra inamov\u00edvel <br>\u00d3 corpul\u00eancia &amp; sonho<br>                   Surdo? Mudo?<br>Na tua nudez de mutante<br>\u00d3 b\u00edblia de murm\u00fario <br>                    na tua sem\u00e2ntica <br>De sal! sangue &amp; paradoxo<br>\u00d3 universo de mil sons<br>                     Que circulam <br>Pela maternidade<br>Do vers\u00edculo que nos une<br>       Na tua chama<br>       NA tua lava<br>       No teu tambor inenarr\u00e1vel<br><br><em>Rotcha Scribida<\/em>,<br>Corsino Fortes<br><em>A Cabe\u00e7a Calva de Deus<\/em><\/p>\n\n\n\n<figure class=\"wp-block-image\"><img loading=\"lazy\" decoding=\"async\" width=\"1024\" height=\"308\" src=\"https:\/\/antoniamarques.pt\/blog\/wp-content\/uploads\/2021\/05\/rocha_03-c\u00f3pia-1024x308.jpg\" alt=\"\" class=\"wp-image-2493\" srcset=\"https:\/\/antoniamarques.pt\/blog\/wp-content\/uploads\/2021\/05\/rocha_03-c\u00f3pia-1024x308.jpg 1024w, https:\/\/antoniamarques.pt\/blog\/wp-content\/uploads\/2021\/05\/rocha_03-c\u00f3pia-300x90.jpg 300w, https:\/\/antoniamarques.pt\/blog\/wp-content\/uploads\/2021\/05\/rocha_03-c\u00f3pia-768x231.jpg 768w, https:\/\/antoniamarques.pt\/blog\/wp-content\/uploads\/2021\/05\/rocha_03-c\u00f3pia.jpg 1408w\" sizes=\"auto, (max-width: 1024px) 100vw, 1024px\" \/><figcaption>na tua letra &amp; s\u00edlaba, o mister da cria\u00e7\u00e3o <\/figcaption><\/figure>\n\n\n\n<p class=\"has-background has-small-font-size has-very-light-gray-background-color\">\u201cPor vezes as camadas de tufos, por efeito da press\u00e3o exercida pelos terrenos que as cobrem, fendem-se e, quando os lap\u00edlli se lhe sobrep\u00f5e directamente, os elementos que o constituem introduzem-se nestas fendas produzindo incrusta\u00e7\u00f5es de formas muito curiosas que fazem lembrar letras de inscri\u00e7\u00f5es antigas&#8221;. (3)<\/p>\n\n\n\n<figure class=\"wp-block-image\"><img loading=\"lazy\" decoding=\"async\" width=\"1024\" height=\"576\" src=\"https:\/\/antoniamarques.pt\/blog\/wp-content\/uploads\/2021\/05\/Captura-de-ecr\u00e3-2021-05-26-\u00e0s-15.36.06-c\u00f3pia-1024x576.jpg\" alt=\"\" class=\"wp-image-2548\" srcset=\"https:\/\/antoniamarques.pt\/blog\/wp-content\/uploads\/2021\/05\/Captura-de-ecr\u00e3-2021-05-26-\u00e0s-15.36.06-c\u00f3pia-1024x576.jpg 1024w, https:\/\/antoniamarques.pt\/blog\/wp-content\/uploads\/2021\/05\/Captura-de-ecr\u00e3-2021-05-26-\u00e0s-15.36.06-c\u00f3pia-300x169.jpg 300w, https:\/\/antoniamarques.pt\/blog\/wp-content\/uploads\/2021\/05\/Captura-de-ecr\u00e3-2021-05-26-\u00e0s-15.36.06-c\u00f3pia-768x432.jpg 768w, https:\/\/antoniamarques.pt\/blog\/wp-content\/uploads\/2021\/05\/Captura-de-ecr\u00e3-2021-05-26-\u00e0s-15.36.06-c\u00f3pia.jpg 1722w\" sizes=\"auto, (max-width: 1024px) 100vw, 1024px\" \/><figcaption>a utopia, delineada a l\u00e1pis-l\u00e1zuli<\/figcaption><\/figure>\n\n\n\n<figure class=\"wp-block-embed-youtube wp-block-embed is-type-video is-provider-youtube wp-embed-aspect-16-9 wp-has-aspect-ratio\"><div class=\"wp-block-embed__wrapper\">\n<iframe loading=\"lazy\" title=\"rotcha scribida\" width=\"640\" height=\"360\" src=\"https:\/\/www.youtube.com\/embed\/L6fiG2YwY24?feature=oembed\" frameborder=\"0\" allow=\"accelerometer; autoplay; clipboard-write; encrypted-media; gyroscope; picture-in-picture; web-share\" referrerpolicy=\"strict-origin-when-cross-origin\" allowfullscreen><\/iframe>\n<\/div><figcaption>perp\u00e9tuo movimento da paisagem incandescente,  sobre a rotcha rec\u00e9m-vertida<\/figcaption><\/figure>\n\n\n\n<p><\/p>\n\n\n\n<p><\/p>\n\n\n\n<p class=\"has-small-font-size\">Ant\u00f3nia Marques<br>( 26 maio \/  1 julho )<\/p>\n\n\n\n<p><\/p>\n\n\n\n<p><\/p>\n\n\n\n<p class=\"has-small-font-size\">(1) &#8220;Como n\u00e3o abundam registos cred\u00edveis sobre os primeiros tempos destas ilhas, um conjunto de informa\u00e7\u00f5es sem a necess\u00e1ria comprova\u00e7\u00e3o e apenas alimentadas pelo rico imagin\u00e1rio da tradi\u00e7\u00e3o oral, t\u00eam conduzido a especula\u00e7\u00f5es v\u00e1rias por parte dos menos avisados. No \u00e2mbito de refer\u00eancias a inscri\u00e7\u00f5es rupestres, estar\u00e1 o caso da \u201cRotcha Scribida\u201d (top\u00f3nimo que serviu de tema para uma das mais conseguidas mornas caracter\u00edsticas daquela ilha) no vale da Ribeira Prata, S. Nicolau (H\u00e1 quem diga que originalmente o nome daquele local seria Ribeira dos Piratas e n\u00e3o Ribeira da Prata, que a tradi\u00e7\u00e3o diz resultar do reflexo do sol nas suas \u00e1guas). Mais concretamente as pretensas \u201cinscri\u00e7\u00f5es\u201d nela \u201capostas\u201d e sempre presentes no imagin\u00e1rio sanicolaense, s\u00e3o apresentadas como testemunho deixado por antigos habitantes. Por\u00e9m, as mesmas foram consideradas por Bacelar Babiano, que as examinou e fotografou, como sendo um mero fen\u00f3meno natural&#8230;&#8221;<br>Jo\u00e3o Lopes Filho, &#8220;Alguns Mitos relacionados com Cabo Verde&#8221;<br>fonte: https:\/\/www.lopesfilho.com\/?ID=4&amp;cod=51B482150D337B5F07B<\/p>\n\n\n\n<p class=\"has-small-font-size\">(2) <em>Escritaria Submissa<\/em> &#8211; sistema oficioso de escrita, utilizado na produ\u00e7\u00e3o de literatura servil, destinada a consolidar a desumaniza\u00e7\u00e3o e dessensibiliza\u00e7\u00e3o dos indiv\u00edduos.<br>A massifica\u00e7\u00e3o deste sistema perverso visa condicionar o pensamento divergente, desvitalizar a sensibilidade e eliminar o conhecimento valoroso. <br>fonte: compila\u00e7\u00e3o de palavras re.criadas, Ant\u00f3nia Marques<\/p>\n\n\n\n<p class=\"has-small-font-size\">(3) BABIANO, Bacelar \u2013 \u201cA Geologia do Arquip\u00e9lago de Cabo Verde\u201d in&nbsp;<em>Comunica\u00e7\u00f5es dos Servi\u00e7os Geol\u00f3gicos de Portugal<\/em>, Tomo XVIII, Lisboa 1932. <br>fonte: https:\/\/www.lopesfilho.com\/?ID=4&amp;cod=51B482150D337B5F07B<\/p>\n","protected":false},"excerpt":{"rendered":"<p>o mist\u00e9rio da escrita incrustada na rocha, segue existindo, em permanente muta\u00e7\u00e3o. reza a lenda, ora criada, que ter\u00e1 dado origem ao mister de cria\u00e7\u00e3o iconogr\u00e1fica!  <\/p>\n","protected":false},"author":2,"featured_media":2490,"comment_status":"open","ping_status":"open","sticky":false,"template":"","format":"standard","meta":{"footnotes":""},"categories":[48,79,77,78],"tags":[76],"class_list":["post-2488","post","type-post","status-publish","format-standard","has-post-thumbnail","hentry","category-cabo-verde","category-ribeira-de-prata","category-rotcha-scribida","category-sao-nicolau","tag-rotcha-scribida"],"_links":{"self":[{"href":"https:\/\/antoniamarques.pt\/blog\/wp-json\/wp\/v2\/posts\/2488","targetHints":{"allow":["GET"]}}],"collection":[{"href":"https:\/\/antoniamarques.pt\/blog\/wp-json\/wp\/v2\/posts"}],"about":[{"href":"https:\/\/antoniamarques.pt\/blog\/wp-json\/wp\/v2\/types\/post"}],"author":[{"embeddable":true,"href":"https:\/\/antoniamarques.pt\/blog\/wp-json\/wp\/v2\/users\/2"}],"replies":[{"embeddable":true,"href":"https:\/\/antoniamarques.pt\/blog\/wp-json\/wp\/v2\/comments?post=2488"}],"version-history":[{"count":50,"href":"https:\/\/antoniamarques.pt\/blog\/wp-json\/wp\/v2\/posts\/2488\/revisions"}],"predecessor-version":[{"id":2771,"href":"https:\/\/antoniamarques.pt\/blog\/wp-json\/wp\/v2\/posts\/2488\/revisions\/2771"}],"wp:featuredmedia":[{"embeddable":true,"href":"https:\/\/antoniamarques.pt\/blog\/wp-json\/wp\/v2\/media\/2490"}],"wp:attachment":[{"href":"https:\/\/antoniamarques.pt\/blog\/wp-json\/wp\/v2\/media?parent=2488"}],"wp:term":[{"taxonomy":"category","embeddable":true,"href":"https:\/\/antoniamarques.pt\/blog\/wp-json\/wp\/v2\/categories?post=2488"},{"taxonomy":"post_tag","embeddable":true,"href":"https:\/\/antoniamarques.pt\/blog\/wp-json\/wp\/v2\/tags?post=2488"}],"curies":[{"name":"wp","href":"https:\/\/api.w.org\/{rel}","templated":true}]}}