{"id":3625,"date":"2023-11-09T12:21:00","date_gmt":"2023-11-09T12:21:00","guid":{"rendered":"http:\/\/antoniamarques.pt\/blog\/?p=3625"},"modified":"2024-02-20T23:25:57","modified_gmt":"2024-02-20T23:25:57","slug":"intolerancia-a-sublevacao-alheia","status":"publish","type":"post","link":"https:\/\/antoniamarques.pt\/blog\/2023\/11\/09\/intolerancia-a-sublevacao-alheia\/","title":{"rendered":"INTOLER\u00c2NCIA \u00c0 SUBLEVA\u00c7\u00c3O ALHEIA"},"content":{"rendered":"\n<p>Apesar das in\u00fameras evid\u00eancias ilustradas, h\u00e1 quem n\u00e3o se permita reconhecer o papel determinante que a emancipada Luta dos Professores teve no desgaste da governa\u00e7\u00e3o socialista e, consequentemente, na Demiss\u00e3o de Ant\u00f3nio Costa.<\/p>\n\n\n\n<p>Esse bloqueio, para al\u00e9m de denunciar inabilidade na leitura das circunst\u00e2ncias, revela uma profunda intoler\u00e2ncia \u00e0 subleva\u00e7\u00e3o alheia! Lamentavelmente, esta tend\u00eancia para apoucar a efetividade da a\u00e7\u00e3o c\u00edvica do seu semelhante tem sido respons\u00e1vel pela degrada\u00e7\u00e3o da Classe que frequenta a Escola!<\/p>\n\n\n\n<p>Esta forma desencantada de mirar o mundo, talvez o dano maior que as p\u00e9ssimas governan\u00e7as inscreveram no Estatuto dos Professores, \u00e9 uma maleita degenerativa que tolhe o discernimento e reduz a disponibilidade para colaborar e intervir em defesa de causas comuns!<\/p>\n\n\n\n<p>Cumpre estar atento aos sinais, evitando replicar racioc\u00ednios degenerados, imbu\u00eddos do&nbsp; esp\u00edrito sombrio \u201cN\u00e3o sei como cheg\u00e1mos aqui assim. N\u00e3o sei nem quero saber.\u201d<\/p>\n\n\n\n<p>Comungar da teoria de que a Demiss\u00e3o de Ant\u00f3nio Costa se deve exclusivamente a (mais) um faits-divers judicial \u00e9 colaborar com os abusos das for\u00e7as opressoras, que mant\u00eam ref\u00e9m o Estado de Direito Democr\u00e1tico!<\/p>\n\n\n\n<p>Urge combater a maleita reconhecendo e enaltecendo a hombridade alheia, por forma a evitar que a degeneresc\u00eancia se amplie e continue a servir a malvadez do inimigo!<\/p>\n\n\n\n<p>\u00c9 fundamental exaltar a Raz\u00e3o dos emancipados, cuja desenvoltura e dinamismo contribuiu de forma exemplar para denunciar a miser\u00e1vel a\u00e7\u00e3o governativa!&nbsp;<\/p>\n\n\n\n<p>Negar essa evid\u00eancia equivale a aceitar sem revolta que o cidad\u00e3o esteja condenado a assistir calado \u00e0 degrada\u00e7\u00e3o da democracia!<\/p>\n\n\n\n<figure class=\"wp-block-image size-large\"><img loading=\"lazy\" decoding=\"async\" width=\"1024\" height=\"682\" src=\"https:\/\/antoniamarques.pt\/blog\/wp-content\/uploads\/2024\/02\/image-1024x682.png\" alt=\"\" class=\"wp-image-3626\" srcset=\"https:\/\/antoniamarques.pt\/blog\/wp-content\/uploads\/2024\/02\/image-1024x682.png 1024w, https:\/\/antoniamarques.pt\/blog\/wp-content\/uploads\/2024\/02\/image-300x200.png 300w, https:\/\/antoniamarques.pt\/blog\/wp-content\/uploads\/2024\/02\/image-768x512.png 768w, https:\/\/antoniamarques.pt\/blog\/wp-content\/uploads\/2024\/02\/image.png 1400w\" sizes=\"auto, (max-width: 1024px) 100vw, 1024px\" \/><figcaption class=\"wp-element-caption\">O presidente da Rep\u00fablica, Marcelo Rebelo de Sousa acompanhado pelo primeiro ministro Ant\u00f3nio Costa aparecem num painel de televis\u00e3o durante as comemora\u00e7\u00f5es oficiais do Dia de Portugal, de Cam\u00f5es e das Comunidades Portuguesas, na R\u00e9gua, 10 de junho de 2023. <em>JOS\u00c9 COELHO\/LUSA<\/em><\/figcaption><\/figure>\n\n\n\n<p>Ant\u00f3nia Marques<\/p>\n\n\n\n<p>( originalmente publicado em <a href=\"https:\/\/amamosaescola.pt\/wp\/2023\/11\/09\/intolerancia-a-sublevacao-alheia\/\">https:\/\/amamosaescola.pt\/wp\/2023\/11\/09\/intolerancia-a-sublevacao-alheia\/<\/a> )<\/p>\n","protected":false},"excerpt":{"rendered":"<p>Apesar das in\u00fameras evid\u00eancias ilustradas, h\u00e1 quem n\u00e3o se permita reconhecer o papel determinante que a emancipada Luta dos Professores teve no desgaste da governa\u00e7\u00e3o socialista e, consequentemente, na Demiss\u00e3o de Ant\u00f3nio Costa. Esse bloqueio, para al\u00e9m de denunciar inabilidade na leitura das circunst\u00e2ncias, revela uma profunda intoler\u00e2ncia \u00e0 subleva\u00e7\u00e3o alheia! Lamentavelmente, esta tend\u00eancia para [&hellip;]<\/p>\n","protected":false},"author":2,"featured_media":3626,"comment_status":"open","ping_status":"open","sticky":false,"template":"","format":"standard","meta":{"footnotes":""},"categories":[1],"tags":[116,118,117],"class_list":["post-3625","post","type-post","status-publish","format-standard","has-post-thumbnail","hentry","category-uncategorized","tag-10-junho","tag-protesto","tag-sublevacao"],"_links":{"self":[{"href":"https:\/\/antoniamarques.pt\/blog\/wp-json\/wp\/v2\/posts\/3625","targetHints":{"allow":["GET"]}}],"collection":[{"href":"https:\/\/antoniamarques.pt\/blog\/wp-json\/wp\/v2\/posts"}],"about":[{"href":"https:\/\/antoniamarques.pt\/blog\/wp-json\/wp\/v2\/types\/post"}],"author":[{"embeddable":true,"href":"https:\/\/antoniamarques.pt\/blog\/wp-json\/wp\/v2\/users\/2"}],"replies":[{"embeddable":true,"href":"https:\/\/antoniamarques.pt\/blog\/wp-json\/wp\/v2\/comments?post=3625"}],"version-history":[{"count":1,"href":"https:\/\/antoniamarques.pt\/blog\/wp-json\/wp\/v2\/posts\/3625\/revisions"}],"predecessor-version":[{"id":3627,"href":"https:\/\/antoniamarques.pt\/blog\/wp-json\/wp\/v2\/posts\/3625\/revisions\/3627"}],"wp:featuredmedia":[{"embeddable":true,"href":"https:\/\/antoniamarques.pt\/blog\/wp-json\/wp\/v2\/media\/3626"}],"wp:attachment":[{"href":"https:\/\/antoniamarques.pt\/blog\/wp-json\/wp\/v2\/media?parent=3625"}],"wp:term":[{"taxonomy":"category","embeddable":true,"href":"https:\/\/antoniamarques.pt\/blog\/wp-json\/wp\/v2\/categories?post=3625"},{"taxonomy":"post_tag","embeddable":true,"href":"https:\/\/antoniamarques.pt\/blog\/wp-json\/wp\/v2\/tags?post=3625"}],"curies":[{"name":"wp","href":"https:\/\/api.w.org\/{rel}","templated":true}]}}