{"id":3646,"date":"2023-12-06T00:59:00","date_gmt":"2023-12-06T00:59:00","guid":{"rendered":"http:\/\/antoniamarques.pt\/blog\/?p=3646"},"modified":"2024-02-25T21:33:21","modified_gmt":"2024-02-25T21:33:21","slug":"nota-de-repudio-pela-designacao-de-ariana-cosme","status":"publish","type":"post","link":"https:\/\/antoniamarques.pt\/blog\/2023\/12\/06\/nota-de-repudio-pela-designacao-de-ariana-cosme\/","title":{"rendered":"NOTA DE REP\u00daDIO PELA DESIGNA\u00c7\u00c3O DE ARIANA COSME"},"content":{"rendered":"\n<p><strong>NOTA DE REP\u00daDIO<\/strong><\/p>\n\n\n\n<p>Excelent\u00edssimos Senhores<\/p>\n\n\n\n<p>Vimos por este meio manifestar a nossa profunda indigna\u00e7\u00e3o e rep\u00fadio pela designa\u00e7\u00e3o da Prof.\u00aa Doutora Ariana Maria de Almeida Matos Cosme para exercer, em comiss\u00e3o de servi\u00e7o, o cargo de Inspetora-Geral da Educa\u00e7\u00e3o e Ci\u00eancia (IGEC), por considerarmos prefigurar um atentado \u00e0 imparcialidade, integridade, independ\u00eancia, dignidade, isen\u00e7\u00e3o e objetividade necess\u00e1rias \u00e0 atua\u00e7\u00e3o da Inspe\u00e7\u00e3o do sistema educativo portugu\u00eas.<\/p>\n\n\n\n<p>Lamentavelmente, a designa\u00e7\u00e3o de Ariana Cosme para assumir fun\u00e7\u00f5es na IGEC, despachada em Di\u00e1rio da Rep\u00fablica\u00a0<a href=\"https:\/\/diariodarepublica.pt\/dr\/detalhe\/despacho\/11906-2023-224661335\">n.\u00ba 227\/2023,<\/a><a href=\"https:\/\/diariodarepublica.pt\/dr\/detalhe\/diario-republica\/227-2023-224661325\"> S\u00e9rie II de 2023-11-23<\/a>, em data posterior ao an\u00fancio da exonera\u00e7\u00e3o do executivo socialista, \u00e9 prova da infame conduta \u00e9tica e moral de Jo\u00e3o Costa, demission\u00e1rio ministro da educa\u00e7\u00e3o que tudo tem feito para defraudar, retardar, reduzir e cercear a atua\u00e7\u00e3o da inspe\u00e7\u00e3o, em prol do favorecimento e amplia\u00e7\u00e3o da rede de promiscuidade e prepot\u00eancia administrativa, que inferniza o exerc\u00edcio da profiss\u00e3o docente.<\/p>\n\n\n\n<p>\u00c9 deveras lament\u00e1vel que o executivo, a dias de ver conclu\u00edda a sua exonera\u00e7\u00e3o, tenha entregue, em jeito de tributo pelos servi\u00e7os prestados \u00e0 imprest\u00e1vel Maioria socialista, a lideran\u00e7a da IGEC \u00e0 embaixatriz&nbsp;<em>com-sorte<\/em>&nbsp;da Autonomia e Flexibilidade Curricular. Se tudo continuar a correr de fei\u00e7\u00e3o, aos agentes que proliferam na carreira \u00e0 custa do colaboracionismo partid\u00e1rio e da instrumentaliza\u00e7\u00e3o das institui\u00e7\u00f5es do Estado, a lideran\u00e7a do citado organismo p\u00fablico&nbsp;ficar\u00e1 a cargo de Ariana Cosme durante os pr\u00f3ximos 10 anos (um per\u00edodo de 5 anos, renov\u00e1vel uma vez por igual per\u00edodo, sem necessidade de recurso a procedimento concursal). Tempo mais do que suficiente para que o s\u00e9quito, respons\u00e1vel pela usurpa\u00e7\u00e3o das vitais fun\u00e7\u00f5es do Estado, possa continuar a agudizar a autocracia administrativa e a proteger os abusos de poder, que asseguram a iniquidade do sistema educativo!<\/p>\n\n\n\n<p>Efectivamente, Jo\u00e3o Costa no exerc\u00edcio dos seus mandatos, deu provas bastantes de que n\u00e3o olha a meios nem a ilegalidades, quando em causa est\u00e1 cercear a a\u00e7\u00e3o pedag\u00f3gica e reivindicativa dos docentes. Ora se em 2018, na crista de uma onda de contesta\u00e7\u00e3o, chegou ao c\u00famulo de converter os inspetores numa esp\u00e9cie&nbsp;<a href=\"https:\/\/www.publico.pt\/2018\/08\/06\/sociedade\/noticia\/ministerio-da-educacao-surpreendido-criticas-dos-inspectores-1840285\">\u201cpol\u00edcias do minist\u00e9rio\u201d<\/a>, indigitando-os para colocarem em marcha uma opera\u00e7\u00e3o, absurdamente ilegal, de aniquila\u00e7\u00e3o dos direitos, liberdades, garantias e responsabilidades do corpo docente, n\u00e3o ser\u00e1 de estranhar que em 2023, claramente vencido e a dias de&nbsp;<em>morrer na praia,&nbsp;<\/em>tenha indigitado uma amiga&nbsp;flex\u00edvel para garantir a prossecu\u00e7\u00e3o do insidioso policiamento do sistema educativo!<\/p>\n\n\n\n<p>Neste confrangedor quadro de circunst\u00e2ncias, temos as piores raz\u00f5es para considerar que, sob a lideran\u00e7a de uma reconhecida colaboracionista da inc\u00faria ministerial, a IGEC ser\u00e1 (ainda) mais imprest\u00e1vel e contundente no bloqueio de a\u00e7\u00f5es inspetivas, no incumprimento de prazos, na gest\u00e3o de sil\u00eancios e na promo\u00e7\u00e3o de processos de coa\u00e7\u00e3o e intimida\u00e7\u00e3o, de forma a garantir que o&nbsp;<em>modus faciendi&nbsp;<\/em>de Jo\u00e3o Costa n\u00e3o se extinguir\u00e1 com a sua exonera\u00e7\u00e3o.<\/p>\n\n\n\n<p>Infelizmente, o&nbsp;<em>resum\u00e9&nbsp;<\/em>da Sra. Inspetora, apenso ao supra citado despacho, n\u00e3o deixa margem para d\u00favidas, quanto ao seu af\u00e3 colaboracionista. A presta\u00e7\u00e3o de servi\u00e7os de largo espectro e a ampla rede de contactos, que ter\u00e3o sido fatores decisivos na designa\u00e7\u00e3o para o cargo, denunciam uma insustent\u00e1vel sobreposi\u00e7\u00e3o de interesses, clara e inequivocamente incompat\u00edvel com o respeito e cumprimento do c\u00f3digo de conduta da IGEC, a que a designada passou a estar obrigada.<\/p>\n\n\n\n<p>Bra\u00e7o direito da bazofaria ministerial e esquerdo da vida sindical, Ariana Cosme correu&nbsp;<em>seca e meca&nbsp;<\/em>para impingir a ladainha da hiper-sofisticada escola&nbsp;flex\u00edvel, com a qual se propunha erradicar a obsolesc\u00eancia das pr\u00e1ticas pedag\u00f3gicas e, por essa via, solucionar todos os problemas do sistema de ensino. Por\u00e9m, de imediato se percebeu que a sua simpl\u00f3ria doutrina creditada, mascarada de modernidade pedag\u00f3gica, era t\u00e3o s\u00f3 uma forma de prestar servi\u00e7o ao miser\u00e1vel programa de governo da abusiva maioria, a t\u00edtulo de ver garantida a sua progress\u00e3o na carreia. Pelo que, sem surpresa, o paradigma de inova\u00e7\u00e3o que defendeu, sem dar exemplo, contribuiu apenas para ampliar as indec\u00eancias que sustentam a mediocridade do sistema e erradicar de vez a Esperan\u00e7a do l\u00e9xico pedag\u00f3gico!<\/p>\n\n\n\n<p>De facto, a entrega deste cargo, a uma&nbsp;fiel defensora das desastrosas pol\u00edticas educativas que, no decurso dos \u00faltimos oito anos, arrasaram por completo a equidade e a qualidade do sistema educativo, \u00e9 um claro e inequ\u00edvoco sinal da extin\u00e7\u00e3o da IGEC, nos termos definidos na sua Carta de Miss\u00e3o:<\/p>\n\n\n\n<p>\u201cA IGEC tem por miss\u00e3o assegurar a legalidade dos atos praticados pelos \u00f3rg\u00e3os, servi\u00e7os e organismos das \u00e1reas governativas da Ci\u00eancia, Tecnologia e Ensino Superior (MCTES) e da Educa\u00e7\u00e3o (MEDU), ou sujeitos \u00e0 tutela dos respetivos membros do Governo, bem como o controlo, a auditoria e a fiscaliza\u00e7\u00e3o do funcionamento do sistema educativo no \u00e2mbito da educa\u00e7\u00e3o pr\u00e9-escolar, da educa\u00e7\u00e3o escolar, compreendendo os ensinos b\u00e1sico, secund\u00e1rio e superior e integrando as modalidades especiais de educa\u00e7\u00e3o, da educa\u00e7\u00e3o extra-escolar, da ci\u00eancia e tecnologia e dos \u00f3rg\u00e3os, servi\u00e7os e organismos do MCTES e do MEDU.\u201d<\/p>\n\n\n\n<p>Assim, pelo exposto e pelo tanto que se prefigura, repudiamos veementemente a designa\u00e7\u00e3o de Ariana Cosme para o cargo de Inspetora-Geral da Educa\u00e7\u00e3o e Ci\u00eancia, garantindo que, apesar de sentirmos cada vez mais policiado e limitado o exerc\u00edcio das nossas fun\u00e7\u00f5es, tudo faremos para defender a Raz\u00e3o e salvar o sistema educativo dos abusos de poder a que est\u00e1 submetido.<\/p>\n\n\n\n<p>Ant\u00f3nia Marques<\/p>\n\n\n\n<p>( originalmente publicado em <a href=\"https:\/\/amamosaescola.pt\/wp\/2023\/12\/06\/nota-de-repudio-pela-designacao-de-ariana-cosme\/\">https:\/\/amamosaescola.pt\/wp\/2023\/12\/06\/nota-de-repudio-pela-designacao-de-ariana-cosme\/<\/a> )<\/p>\n","protected":false},"excerpt":{"rendered":"<p>Assim, pelo exposto e pelo tanto que se prefigura, repudiamos veementemente a designa\u00e7\u00e3o de Ariana Cosme para o cargo de Inspetora-Geral da Educa\u00e7\u00e3o e Ci\u00eancia, garantindo que, apesar de sentirmos cada vez mais policiado e limitado o exerc\u00edcio das nossas fun\u00e7\u00f5es, tudo faremos para defender a Raz\u00e3o e salvar o sistema educativo dos abusos de poder a que est\u00e1 submetido.<\/p>\n","protected":false},"author":2,"featured_media":3647,"comment_status":"open","ping_status":"open","sticky":false,"template":"","format":"standard","meta":{"footnotes":""},"categories":[17,5,67,114,115],"tags":[124,123],"class_list":["post-3646","post","type-post","status-publish","format-standard","has-post-thumbnail","hentry","category-democraia","category-dissenso","category-educacao","category-ministerio-da-educacao","category-resistir","tag-igec","tag-repudio"],"_links":{"self":[{"href":"https:\/\/antoniamarques.pt\/blog\/wp-json\/wp\/v2\/posts\/3646","targetHints":{"allow":["GET"]}}],"collection":[{"href":"https:\/\/antoniamarques.pt\/blog\/wp-json\/wp\/v2\/posts"}],"about":[{"href":"https:\/\/antoniamarques.pt\/blog\/wp-json\/wp\/v2\/types\/post"}],"author":[{"embeddable":true,"href":"https:\/\/antoniamarques.pt\/blog\/wp-json\/wp\/v2\/users\/2"}],"replies":[{"embeddable":true,"href":"https:\/\/antoniamarques.pt\/blog\/wp-json\/wp\/v2\/comments?post=3646"}],"version-history":[{"count":2,"href":"https:\/\/antoniamarques.pt\/blog\/wp-json\/wp\/v2\/posts\/3646\/revisions"}],"predecessor-version":[{"id":3721,"href":"https:\/\/antoniamarques.pt\/blog\/wp-json\/wp\/v2\/posts\/3646\/revisions\/3721"}],"wp:featuredmedia":[{"embeddable":true,"href":"https:\/\/antoniamarques.pt\/blog\/wp-json\/wp\/v2\/media\/3647"}],"wp:attachment":[{"href":"https:\/\/antoniamarques.pt\/blog\/wp-json\/wp\/v2\/media?parent=3646"}],"wp:term":[{"taxonomy":"category","embeddable":true,"href":"https:\/\/antoniamarques.pt\/blog\/wp-json\/wp\/v2\/categories?post=3646"},{"taxonomy":"post_tag","embeddable":true,"href":"https:\/\/antoniamarques.pt\/blog\/wp-json\/wp\/v2\/tags?post=3646"}],"curies":[{"name":"wp","href":"https:\/\/api.w.org\/{rel}","templated":true}]}}