{"id":3977,"date":"2025-09-16T21:15:58","date_gmt":"2025-09-16T21:15:58","guid":{"rendered":"https:\/\/antoniamarques.pt\/blog\/?p=3977"},"modified":"2025-09-16T21:28:08","modified_gmt":"2025-09-16T21:28:08","slug":"carta-aberta-ao-sr-capaz","status":"publish","type":"post","link":"https:\/\/antoniamarques.pt\/blog\/2025\/09\/16\/carta-aberta-ao-sr-capaz\/","title":{"rendered":"CARTA ABERTA AO SR. CAPAZ, SUPERINTENDENTE DA AGSE"},"content":{"rendered":"<div class=\"wp-block-image\">\n<figure class=\"alignleft size-full\"><img loading=\"lazy\" decoding=\"async\" width=\"774\" height=\"522\" src=\"https:\/\/antoniamarques.pt\/blog\/wp-content\/uploads\/2025\/09\/AGSE_01-1.jpg\" alt=\"\" class=\"wp-image-3979\" srcset=\"https:\/\/antoniamarques.pt\/blog\/wp-content\/uploads\/2025\/09\/AGSE_01-1.jpg 774w, https:\/\/antoniamarques.pt\/blog\/wp-content\/uploads\/2025\/09\/AGSE_01-1-300x202.jpg 300w, https:\/\/antoniamarques.pt\/blog\/wp-content\/uploads\/2025\/09\/AGSE_01-1-768x518.jpg 768w\" sizes=\"auto, (max-width: 774px) 100vw, 774px\" \/><figcaption class=\"wp-element-caption\">Email da AGSE, enviado aos professores, a prop\u00f3sito das altera\u00e7\u00f5es ao modelo de Reserva de Recrutamento<\/figcaption><\/figure><\/div>\n\n\n<p><\/p>\n\n\n\n<figure class=\"wp-block-table aligncenter\"><table class=\"has-fixed-layout\"><tbody><tr><td><em>Caro\/a Docente,&nbsp;<br>A AGSE informa que entra em vigor um<strong>&nbsp;novo modelo de Reserva de Recrutamento<\/strong>, que tornar\u00e1 os processos de coloca\u00e7\u00e3o mais r\u00e1pidos, regulares e eficazes.&nbsp;<br><strong>O que muda?<\/strong><br>Reserva de Recrutamento publicada de&nbsp;<strong>3 em 3 dias \u00fateis<\/strong>, em vez de semanalmente;<br>Maior celeridade e agilidade em todo o processo.&nbsp;<br><br>Assim, j\u00e1 na&nbsp;<strong>pr\u00f3xima quarta-feira<\/strong>, dia&nbsp;<strong>17 de setembro<\/strong>, ser\u00e1 publicada a Reserva de Recrutamento 4.&nbsp;Importa sublinhar que todas as&nbsp;<strong>regras relativas \u00e0 Contrata\u00e7\u00e3o de Escola se mant\u00eam inalteradas<\/strong>.&nbsp;<br><br>Este \u00e9 um momento de mudan\u00e7a de procedimentos, pelo que a vossa aten\u00e7\u00e3o e colabora\u00e7\u00e3o s\u00e3o fundamentais. \u00c9 um passo, a par de muitos outros, em prol de um sistema educativo mais capacitado para responder \u00e0s necessidades de todos, de forma pr\u00f3xima e cont\u00ednua.&nbsp;A AGSE permanece dispon\u00edvel para quaisquer esclarecimentos que considerem necess\u00e1rios.&nbsp;<\/em><\/td><\/tr><tr><td><em>Com os melhores cumprimentos,<br>O Presidente da Ag\u00eancia para a Gest\u00e3o do Sistema Educativo<br>Ra\u00fal Capaz Coelho<\/em><\/td><\/tr><\/tbody><\/table><\/figure>\n\n\n\n<p><\/p>\n\n\n\n<p class=\"has-text-align-center has-vivid-green-cyan-color has-text-color has-link-color wp-elements-e344135e53e43c88338abab1d4e02b51\"><strong>CARTA ABERTA AO SR. CAPAZ A PROP\u00d3SITO DA CELERIDADE E AGILIDADE DOS PROCEDIMENTOS AO ABRIGO DA AGSE<\/strong><\/p>\n\n\n\n<p class=\"has-text-align-center has-vivid-green-cyan-color has-text-color has-link-color wp-elements-a964cd54a8aa61d952696a9ea573ae77\"> ( a missiva foi enviada para a DGAE na esperan\u00e7a de que algu\u00e9m afa\u00e7a chegar ao Sr. Capaz )<\/p>\n\n\n\n<p>Exmo. Senhor Presidente Ra\u00fal Capaz Coelho,<\/p>\n\n\n\n<p>Venho por este meio acusar a recep\u00e7\u00e3o do Vosso email sobre o novo modelo de Reserva de Recrutamento.<\/p>\n\n\n\n<p>Face ao exposto por Vossas Excel\u00eancias, e respondendo ao apelo cumpre-me colaborar, dando nota do seguinte:<\/p>\n\n\n\n<ol class=\"wp-block-list\">\n<li>Agradecer a Vossa Excel\u00eancia a disponibilidade para estrear a presid\u00eancia da&nbsp; Ag\u00eancia rec\u00e9m-criada para superintender todo o sistema educativo portugu\u00eas. Votos de um trabalho venturoso e auspicioso em nome de todos aqueles que (sem saber em que termos) de hora em diante se encontram sob a sua tutela!<\/li>\n<\/ol>\n\n\n\n<ol start=\"2\" class=\"wp-block-list\">\n<li>Cumprimentar pela imagem gr\u00e1fica oficial da AGSE, fazendo votos de que em breve o <em>branding<\/em> se possa constituir como uma identidade realmente corporativa, capaz de afirmar o estilo de governan\u00e7a em que ter\u00e1 sido fundado.<\/li>\n<\/ol>\n\n\n\n<ol start=\"3\" class=\"wp-block-list\">\n<li>Permita-me que confesse o meu espanto com a Vossa plena dedica\u00e7\u00e3o, \u00e9 verdadeiramente not\u00e1vel a forma como esta reorganiza\u00e7\u00e3o do sistema foi gizada, em pleno m\u00eas de agosto, num processo t\u00e3o r\u00e1pido e \u00e1gil, sem a necessidade de qualquer consulta p\u00fablica ou a participa\u00e7\u00e3o das organiza\u00e7\u00f5es sindicais. Uma verdadeira demonstra\u00e7\u00e3o de efici\u00eancia e de capacidade de decis\u00e3o unilateral, sem as &#8220;demoras&#8221; habituais provocadas pelo di\u00e1logo.<\/li>\n<\/ol>\n\n\n\n<ol start=\"4\" class=\"wp-block-list\">\n<li>Conceda-me ainda a possibilidade de felicitar a Vossa concentra\u00e7\u00e3o no desenho de um processo de coloca\u00e7\u00e3o mais c\u00e9lere e \u00e1gil. Por\u00e9m, dada a experi\u00eancia colhida num amplo e diversificado trabalho de campo, cumpre-me alertar que tais medidas, se implementadas de forma isolada, podem converter-se, sem qualquer desprimor pelo ensejo da criatividade administrativa, em mais um mero exerc\u00edcio de \u201c<em>tenho uma ideia, tenho uma ideia<\/em>\u201d.&nbsp;<\/li>\n<\/ol>\n\n\n\n<ol start=\"5\" class=\"wp-block-list\">\n<li>Creio ser do Vosso conhecimento o estado \u201ctemporariamente encerrado\u201d em que encontra o acesso aos extraordin\u00e1rios apoios \u00e0 renda e desloca\u00e7\u00e3o (plataforma SIGHRE) destinado a professores. Dada a celeridade e agilidade pela qual\u00a0Vossas Excel\u00eancias pretendem seguir caminho, n\u00e3o seria de atender a essa circunst\u00e2ncia, revelando de forma clara inequ\u00edvoca quando, como e onde ser\u00e1 disponibilizado esse acesso? At\u00e9 para evitar que a celeridade da coloca\u00e7\u00e3o esbarre na morosidade da desloca\u00e7\u00e3o do professor at\u00e9 ao seu local de trabalho, seja por aus\u00eancia de dinheiro para custear as viagens, seja por car\u00eancia de recursos para arrendar um lugar para morar!<\/li>\n<\/ol>\n\n\n\n<ol start=\"6\" class=\"wp-block-list\">\n<li>Ser\u00e1 que podemos contar com a mesma agilidade no desenho de um programa de ajudas de custo \u00e0 altura do servi\u00e7o p\u00fablico que entregamos ao pa\u00eds?<\/li>\n<\/ol>\n\n\n\n<p>Arrisco dizer que Vossa Excel\u00eancia saber\u00e1 que, no decurso das \u00faltimas d\u00e9cadas, os professores t\u00eam assistido a in\u00fameras proclama\u00e7\u00f5es de momentos de mudan\u00e7a de procedimentos. Umas rodeadas de pompa outras carecidas de circunst\u00e2ncia, apenas t\u00eam colaborado para distanciar os professores do desempenho da profiss\u00e3o. Assim, de forma evitar que os Vossos passos contribuam para fragilizar ainda mais o exerc\u00edcio da profiss\u00e3o docente, termino devolvendo o apelo para que saibam atender com humildade \u00e0s demandas dos professores, caso estejam interessados em colaborar para responder, de facto, de forma pr\u00f3xima e cont\u00ednua \u00e0s necessidades de todos!<\/p>\n\n\n\n<p>Agrade\u00e7o a Vossa aten\u00e7\u00e3o.<\/p>\n\n\n\n<p>Com os melhores cumprimentos,<\/p>\n\n\n\n<p>Ant\u00f3nia Marques<\/p>\n\n\n\n<p>Professora Quadro de Escola, rec\u00e9m-chegada ao Agrupamento Gil Vicente &#8211; Lisboa, para atender \u00e0 emerg\u00eancia local do servi\u00e7o p\u00fablico de educa\u00e7\u00e3o provocada pela &#8220;falta de professores&#8221;!<\/p>\n","protected":false},"excerpt":{"rendered":"<p>Conceda-me ainda a possibilidade de felicitar a Vossa concentra\u00e7\u00e3o no desenho de um processo de coloca\u00e7\u00e3o mais c\u00e9lere e \u00e1gil. Por\u00e9m, dada a experi\u00eancia colhida num amplo e diversificado trabalho de campo, cumpre-me alertar que tais medidas, se implementadas de forma isolada, podem converter-se, sem qualquer desprimor pelo ensejo da criatividade administrativa, em mais um mero exerc\u00edcio de \u201ctenho uma ideia, tenho uma ideia\u201d.\u00a0<\/p>\n","protected":false},"author":2,"featured_media":3980,"comment_status":"open","ping_status":"open","sticky":false,"template":"","format":"standard","meta":{"footnotes":""},"categories":[13,67],"tags":[161,38],"class_list":["post-3977","post","type-post","status-publish","format-standard","has-post-thumbnail","hentry","category-apontamentos-do-avesso","category-educacao","tag-agse","tag-educacao"],"_links":{"self":[{"href":"https:\/\/antoniamarques.pt\/blog\/wp-json\/wp\/v2\/posts\/3977","targetHints":{"allow":["GET"]}}],"collection":[{"href":"https:\/\/antoniamarques.pt\/blog\/wp-json\/wp\/v2\/posts"}],"about":[{"href":"https:\/\/antoniamarques.pt\/blog\/wp-json\/wp\/v2\/types\/post"}],"author":[{"embeddable":true,"href":"https:\/\/antoniamarques.pt\/blog\/wp-json\/wp\/v2\/users\/2"}],"replies":[{"embeddable":true,"href":"https:\/\/antoniamarques.pt\/blog\/wp-json\/wp\/v2\/comments?post=3977"}],"version-history":[{"count":5,"href":"https:\/\/antoniamarques.pt\/blog\/wp-json\/wp\/v2\/posts\/3977\/revisions"}],"predecessor-version":[{"id":3986,"href":"https:\/\/antoniamarques.pt\/blog\/wp-json\/wp\/v2\/posts\/3977\/revisions\/3986"}],"wp:featuredmedia":[{"embeddable":true,"href":"https:\/\/antoniamarques.pt\/blog\/wp-json\/wp\/v2\/media\/3980"}],"wp:attachment":[{"href":"https:\/\/antoniamarques.pt\/blog\/wp-json\/wp\/v2\/media?parent=3977"}],"wp:term":[{"taxonomy":"category","embeddable":true,"href":"https:\/\/antoniamarques.pt\/blog\/wp-json\/wp\/v2\/categories?post=3977"},{"taxonomy":"post_tag","embeddable":true,"href":"https:\/\/antoniamarques.pt\/blog\/wp-json\/wp\/v2\/tags?post=3977"}],"curies":[{"name":"wp","href":"https:\/\/api.w.org\/{rel}","templated":true}]}}